[{"command":"settings","settings":{"pluralDelimiter":"\u0003","suppressDeprecationErrors":true,"ajaxPageState":{"libraries":"eJx1zFEOgCAIANALSR6pEVKjGTjE5fG7gH2_7VHdyZ5myho9n24aAMeIME20MkIvoPz2NV8uBUIq_7jQX9yEYjivMXhGInPOxUfDuuGN8wPooEid","theme":"front","theme_token":null},"ajaxTrustedUrl":[],"user":{"uid":0,"permissionsHash":"c8ae48765c6262e55a60688d619b6e8830fbd871b361cacc14e47b2085897921"}},"merge":true},{"command":"add_js","selector":"body","data":[{"src":"\/core\/assets\/vendor\/jquery\/jquery.min.js?v=3.7.1"},{"src":"\/core\/assets\/vendor\/once\/once.min.js?v=1.0.1"},{"src":"\/sites\/default\/files\/languages\/fr_ESUGYA1U74XMCFg3OlpgTNep_OZec0e1Phdr9Hz6EUs.js?tbf0ms"},{"src":"\/core\/misc\/drupalSettingsLoader.js?v=10.2.6"},{"src":"\/core\/misc\/drupal.js?v=10.2.6"},{"src":"\/core\/misc\/drupal.init.js?v=10.2.6"},{"src":"\/core\/assets\/vendor\/tabbable\/index.umd.min.js?v=6.2.0"},{"src":"\/core\/misc\/progress.js?v=10.2.6"},{"src":"\/core\/assets\/vendor\/loadjs\/loadjs.min.js?v=4.2.0"},{"src":"\/core\/misc\/debounce.js?v=10.2.6"},{"src":"\/core\/misc\/announce.js?v=10.2.6"},{"src":"\/core\/misc\/message.js?v=10.2.6"},{"src":"\/core\/misc\/ajax.js?v=10.2.6"}]},{"command":"insert","method":"html","selector":"#bock-actualies-pagines","data":"\u003Cdiv id=\u0022bock-actualies-pagines\u0022 data-scroll-pager\u003E\n  \n\n\n\n  \n\u003Cdiv  class=\u0022grid-tiles mb-8 md:mb-12\u0022 id=\u0022actualites-wrapper\u0022\u003E\n                \n\n\n\n\n  \n\u003Ca  class=\u0022card-news grid-tiles__item\u0022 href=\u0022\/agenda-actualites\/welcome-board-bienvenue-nos-nouveaux-adherents-48\u0022\u003E\n  \u003Cdiv class=\u0022card-news__img-container\u0022\u003E\n    \n\n\n  \n\n      \n            \n\u003Cpicture class=\u0022picture__picture\u0022\u003E\n    \u003Cimg  class=\u0022picture w-full h-full object-cover card-news__img\u0022 src=\u0022\/sites\/default\/files\/styles\/card\/public\/2025-03\/zoom-infra-welcome-on-board-nouveaux-adherents.jpg.webp?itok=SEdYSrXQ\u0022 alt=\u0022Welcome on board\u0022 loading=\u0022lazy\u0022 style=\u0022object-position: 50% 50%;\u0022 width=\u0022408\u0022 height=\u0022230\u0022 \/\u003E\n\u003C\/picture\u003E\n    \u003Cspan class=\u0022card-news__date\u0022\u003E30\/04\/26\u003C\/span\u003E\n  \u003C\/div\u003E\n\n  \u003Cdiv class=\u0022card-news__body\u0022\u003E\n    \u003Ch3 class=\u0022card-news__title\u0022\u003E\n      \n\u003Cspan\u003E Welcome on Board : Bienvenue \u00e0 nos nouveaux adh\u00e9rents ! \u003C\/span\u003E\n\n    \u003C\/h3\u003E\n\n          \n\n\n\n\n\u003Cdiv  class=\u0022text text_default card-news__desc\u0022\u003E\n  8 nouveaux membres rejoignent le P\u00f4le en mars et avril 2026 !\n    \u003C\/div\u003E\n    \n    \u003Cdiv class=\u0022card-news__cat-container\u0022\u003E\n                        \n\n\n\n\n\u003Cspan  class=\u0022button button--outline button--withoutIcon card-news__cat\u0022\u003E\n        \u003Cspan class=\u0022button__label\u0022\u003E\n  Actu adh\u00e9rent\n\n\n\u003C\/span\u003E\n      \u003C\/span\u003E\n                  \u003C\/div\u003E\n\n    \n\n\n\u003Csvg  class=\u0022icon icon-fleche-basse card-news__icon\u0022\u003E\n  \u003Cuse xlink:href=\u0022\/themes\/custom\/front\/dist\/assets\/72cae701f7bd6bf2ce75.svg#icon-fleche-basse\u0022\u003E\u003C\/use\u003E\n\u003C\/svg\u003E\n  \u003C\/div\u003E\n\u003C\/a\u003E\n\n              \n\n\n\n\n  \n\u003Ca  class=\u0022card-news grid-tiles__item\u0022 href=\u0022\/agenda-actualites\/appel-candidatures-4-tremplin-leconomie-bleue-fonds-nausicaa\u0022\u003E\n  \u003Cdiv class=\u0022card-news__img-container\u0022\u003E\n    \n\n\n  \n\n      \n            \n\u003Cpicture class=\u0022picture__picture\u0022\u003E\n    \u003Cimg  class=\u0022picture w-full h-full object-cover card-news__img\u0022 src=\u0022\/sites\/default\/files\/styles\/card\/public\/2026-04\/rencontre-pme-ssf-10.png.webp?itok=E7MVpy2X\u0022 alt=\u0022nausicca\u0022 loading=\u0022lazy\u0022 style=\u0022object-position: 50% 50%;\u0022 width=\u0022408\u0022 height=\u0022230\u0022 \/\u003E\n\u003C\/picture\u003E\n    \u003Cspan class=\u0022card-news__date\u0022\u003E29\/04\/26\u003C\/span\u003E\n  \u003C\/div\u003E\n\n  \u003Cdiv class=\u0022card-news__body\u0022\u003E\n    \u003Ch3 class=\u0022card-news__title\u0022\u003E\n      \n\u003Cspan\u003EAppel \u00e0 candidatures : 4\u1d49 Tremplin de l\u2019\u00c9conomie Bleue - fonds Nausicaa\u003C\/span\u003E\n\n    \u003C\/h3\u003E\n\n          \n\n\n\n\n\u003Cdiv  class=\u0022text text_default card-news__desc\u0022\u003E\n  Dans le cadre de la veille strat\u00e9gique propos\u00e9e aux participants de la saison 3 de l\u2019Index Blue Tech du Cluster Maritime Fran\u00e7ais, un nouvel appel \u00e0 projets m\u00e9rite toute votre attention. Le Fonds de Dotation de Nausica\u00e1 lance la 4\u1d49 \u00e9dition du Tremplin de l\u2019\u00c9conomie Bleue, un dispositif destin\u00e9 \u00e0 soutenir les entrepreneurs engag\u00e9s dans la pr\u00e9servation des oc\u00e9ans et le d\u00e9veloppement durable des territoires c\u00f4tiers.\n    \u003C\/div\u003E\n    \n    \u003Cdiv class=\u0022card-news__cat-container\u0022\u003E\n                        \n\n\n\n\n\u003Cspan  class=\u0022button button--outline button--withoutIcon card-news__cat\u0022\u003E\n        \u003Cspan class=\u0022button__label\u0022\u003E\n  actualit\u00e9s\n\n\n\u003C\/span\u003E\n      \u003C\/span\u003E\n                  \u003C\/div\u003E\n\n    \n\n\n\u003Csvg  class=\u0022icon icon-fleche-basse card-news__icon\u0022\u003E\n  \u003Cuse xlink:href=\u0022\/themes\/custom\/front\/dist\/assets\/72cae701f7bd6bf2ce75.svg#icon-fleche-basse\u0022\u003E\u003C\/use\u003E\n\u003C\/svg\u003E\n  \u003C\/div\u003E\n\u003C\/a\u003E\n\n              \n\n\n\n\n  \n\u003Ca  class=\u0022card-news grid-tiles__item\u0022 href=\u0022\/agenda-actualites\/mer-invest-devient-credit-maritime-capital-mer-change-dechelle\u0022\u003E\n  \u003Cdiv class=\u0022card-news__img-container\u0022\u003E\n    \n\n\n  \n\n      \n            \n\u003Cpicture class=\u0022picture__picture\u0022\u003E\n    \u003Cimg  class=\u0022picture w-full h-full object-cover card-news__img\u0022 src=\u0022\/sites\/default\/files\/styles\/card\/public\/2026-04\/18.jpeg.webp?itok=DHP1rLME\u0022 alt=\u0022credit mar\u0022 loading=\u0022lazy\u0022 style=\u0022object-position: 50% 50%;\u0022 width=\u0022408\u0022 height=\u0022230\u0022 \/\u003E\n\u003C\/picture\u003E\n    \u003Cspan class=\u0022card-news__date\u0022\u003E29\/04\/26\u003C\/span\u003E\n  \u003C\/div\u003E\n\n  \u003Cdiv class=\u0022card-news__body\u0022\u003E\n    \u003Ch3 class=\u0022card-news__title\u0022\u003E\n      \n\u003Cspan\u003EMer Invest devient Cr\u00e9dit Maritime Capital Mer et change d\u2019\u00e9chelle\u003C\/span\u003E\n\n    \u003C\/h3\u003E\n\n          \n\n\n\n\n\u003Cdiv  class=\u0022text text_default card-news__desc\u0022\u003E\n  Le fonds d\u2019investissement maritime Mer Invest \u00e9volue et adopte une nouvelle identit\u00e9 : Cr\u00e9dit Maritime Capital Mer, marquant une \u00e9tape structurante dans son d\u00e9veloppement et son positionnement au service de l\u2019\u00e9conomie bleue.\n    \u003C\/div\u003E\n    \n    \u003Cdiv class=\u0022card-news__cat-container\u0022\u003E\n                        \n\n\n\n\n\u003Cspan  class=\u0022button button--outline button--withoutIcon card-news__cat\u0022\u003E\n        \u003Cspan class=\u0022button__label\u0022\u003E\n  Actu adh\u00e9rent\n\n\n\u003C\/span\u003E\n      \u003C\/span\u003E\n                  \u003C\/div\u003E\n\n    \n\n\n\u003Csvg  class=\u0022icon icon-fleche-basse card-news__icon\u0022\u003E\n  \u003Cuse xlink:href=\u0022\/themes\/custom\/front\/dist\/assets\/72cae701f7bd6bf2ce75.svg#icon-fleche-basse\u0022\u003E\u003C\/use\u003E\n\u003C\/svg\u003E\n  \u003C\/div\u003E\n\u003C\/a\u003E\n\n              \n\n\n\n\n  \n\u003Ca  class=\u0022card-news grid-tiles__item\u0022 href=\u0022\/agenda-actualites\/laboratoire-nividiskin-mise-sur-un-actif-marin-differenciant\u0022\u003E\n  \u003Cdiv class=\u0022card-news__img-container\u0022\u003E\n    \n\n\n  \n\n      \n            \n\u003Cpicture class=\u0022picture__picture\u0022\u003E\n    \u003Cimg  class=\u0022picture w-full h-full object-cover card-news__img\u0022 src=\u0022\/sites\/default\/files\/styles\/card\/public\/2026-04\/nividiskin-baume_tempete_1.webp?itok=YdkPLMSy\u0022 alt=\u0022nividiskin\u0022 loading=\u0022lazy\u0022 style=\u0022object-position: 50% 50%;\u0022 width=\u0022408\u0022 height=\u0022230\u0022 \/\u003E\n\u003C\/picture\u003E\n    \u003Cspan class=\u0022card-news__date\u0022\u003E29\/04\/26\u003C\/span\u003E\n  \u003C\/div\u003E\n\n  \u003Cdiv class=\u0022card-news__body\u0022\u003E\n    \u003Ch3 class=\u0022card-news__title\u0022\u003E\n      \n\u003Cspan\u003ELe laboratoire NividiSkin mise sur un actif marin diff\u00e9renciant\u003C\/span\u003E\n\n    \u003C\/h3\u003E\n\n          \n\n\n\n\n\u003Cdiv  class=\u0022text text_default card-news__desc\u0022\u003E\n  Implant\u00e9 sur l\u2019\u00eele d\u2019Ouessant (Finist\u00e8re), le laboratoire NividiSkin confirme son positionnement dans la dermo-cosm\u00e9tique marine en capitalisant sur un actif issu des algues locales. Cette PME bretonne, cr\u00e9\u00e9e en 2020, d\u00e9veloppe et commercialise des soins inspir\u00e9s des ressources marines, en particulier des extraits d\u2019algues brunes.\n    \u003C\/div\u003E\n    \n    \u003Cdiv class=\u0022card-news__cat-container\u0022\u003E\n                        \n\n\n\n\n\u003Cspan  class=\u0022button button--outline button--withoutIcon card-news__cat\u0022\u003E\n        \u003Cspan class=\u0022button__label\u0022\u003E\n  Actu adh\u00e9rent\n\n\n\u003C\/span\u003E\n      \u003C\/span\u003E\n                  \u003C\/div\u003E\n\n    \n\n\n\u003Csvg  class=\u0022icon icon-fleche-basse card-news__icon\u0022\u003E\n  \u003Cuse xlink:href=\u0022\/themes\/custom\/front\/dist\/assets\/72cae701f7bd6bf2ce75.svg#icon-fleche-basse\u0022\u003E\u003C\/use\u003E\n\u003C\/svg\u003E\n  \u003C\/div\u003E\n\u003C\/a\u003E\n\n              \n\n\n\n\n  \n\u003Ca  class=\u0022card-news grid-tiles__item\u0022 href=\u0022\/agenda-actualites\/opportunite-conference-h2o-2026-halifax-nouvelle-ecosse\u0022\u003E\n  \u003Cdiv class=\u0022card-news__img-container\u0022\u003E\n    \n\n\n  \n\n      \n            \n\u003Cpicture class=\u0022picture__picture\u0022\u003E\n    \u003Cimg  class=\u0022picture w-full h-full object-cover card-news__img\u0022 src=\u0022\/sites\/default\/files\/styles\/card\/public\/2026-04\/rencontre-pme-ssf-7.png.webp?itok=S38HOXhR\u0022 alt=\u0022H2O\u0022 loading=\u0022lazy\u0022 style=\u0022object-position: 50% 50%;\u0022 width=\u0022408\u0022 height=\u0022230\u0022 \/\u003E\n\u003C\/picture\u003E\n    \u003Cspan class=\u0022card-news__date\u0022\u003E28\/04\/26\u003C\/span\u003E\n  \u003C\/div\u003E\n\n  \u003Cdiv class=\u0022card-news__body\u0022\u003E\n    \u003Ch3 class=\u0022card-news__title\u0022\u003E\n      \n\u003Cspan\u003EOPPORTUNIT\u00c9 \u2013 CONF\u00c9RENCE H2O 2026 (HALIFAX, NOUVELLE-\u00c9COSSE)\u003C\/span\u003E\n\n    \u003C\/h3\u003E\n\n          \n\n\n\n\n\u003Cdiv  class=\u0022text text_default card-news__desc\u0022\u003E\n  Dans le cadre des relations d\u00e9velopp\u00e9es depuis plusieurs ann\u00e9es avec la Nouvelle-\u00c9cosse, les adh\u00e9rents du P\u00f4le Mer Bretagne Atlantique sont invit\u00e9s \u00e0 participer \u00e0 la conf\u00e9rence H2O (Home 2 Overseas) dans des conditions align\u00e9es avec celles des membres du cluster partenaire local.\r\n\r\nCette proposition \u00ab \u00e0 tiroir \u00bb permet \u00e0 chacun de construire un programme sur mesure selon ses objectifs (veille technologique, partenariats, visibilit\u00e9 ou d\u00e9monstration).\n    \u003C\/div\u003E\n    \n    \u003Cdiv class=\u0022card-news__cat-container\u0022\u003E\n                        \n\n\n\n\n\u003Cspan  class=\u0022button button--outline button--withoutIcon card-news__cat\u0022\u003E\n        \u003Cspan class=\u0022button__label\u0022\u003E\n  actualit\u00e9s\n\n\n\u003C\/span\u003E\n      \u003C\/span\u003E\n                  \u003C\/div\u003E\n\n    \n\n\n\u003Csvg  class=\u0022icon icon-fleche-basse card-news__icon\u0022\u003E\n  \u003Cuse xlink:href=\u0022\/themes\/custom\/front\/dist\/assets\/72cae701f7bd6bf2ce75.svg#icon-fleche-basse\u0022\u003E\u003C\/use\u003E\n\u003C\/svg\u003E\n  \u003C\/div\u003E\n\u003C\/a\u003E\n\n              \n\n\n\n\n  \n\u003Ca  class=\u0022card-news grid-tiles__item\u0022 href=\u0022\/agenda-actualites\/delegation-canadienne-partenariat-en-rd-pour-decarbonation-maritime-portuaire-en\u0022\u003E\n  \u003Cdiv class=\u0022card-news__img-container\u0022\u003E\n    \n\n\n  \n\n      \n            \n\u003Cpicture class=\u0022picture__picture\u0022\u003E\n    \u003Cimg  class=\u0022picture w-full h-full object-cover card-news__img\u0022 src=\u0022\/sites\/default\/files\/styles\/card\/public\/2026-04\/rencontre-pme-ssf-8.png.webp?itok=lz3XmlHF\u0022 alt=\u0022mission en france\u0022 loading=\u0022lazy\u0022 style=\u0022object-position: 50% 50%;\u0022 width=\u0022408\u0022 height=\u0022230\u0022 \/\u003E\n\u003C\/picture\u003E\n    \u003Cspan class=\u0022card-news__date\u0022\u003E28\/04\/26\u003C\/span\u003E\n  \u003C\/div\u003E\n\n  \u003Cdiv class=\u0022card-news__body\u0022\u003E\n    \u003Ch3 class=\u0022card-news__title\u0022\u003E\n      \n\u003Cspan\u003ED\u00e9l\u00e9gation canadienne de partenariat en R\u0026amp;D pour la d\u00e9carbonation maritime et portuaire en France\u003C\/span\u003E\n\n    \u003C\/h3\u003E\n\n          \n\n\n\n\n\u003Cdiv  class=\u0022text text_default card-news__desc\u0022\u003E\n  Le Canada acc\u00e9l\u00e8re sa transition vers la carboneutralit\u00e9 d\u2019ici 2050, avec un effort majeur sur la d\u00e9carbonation du transport maritime et portuaire. Dans cette dynamique, une d\u00e9l\u00e9gation de 10 entreprises canadiennes innovantes sera en mission en France du 1er au 5 juin 2026 pour d\u00e9velopper des partenariats technologiques et industriels.\n    \u003C\/div\u003E\n    \n    \u003Cdiv class=\u0022card-news__cat-container\u0022\u003E\n                        \n\n\n\n\n\u003Cspan  class=\u0022button button--outline button--withoutIcon card-news__cat\u0022\u003E\n        \u003Cspan class=\u0022button__label\u0022\u003E\n  actualit\u00e9s\n\n\n\u003C\/span\u003E\n      \u003C\/span\u003E\n                  \u003C\/div\u003E\n\n    \n\n\n\u003Csvg  class=\u0022icon icon-fleche-basse card-news__icon\u0022\u003E\n  \u003Cuse xlink:href=\u0022\/themes\/custom\/front\/dist\/assets\/72cae701f7bd6bf2ce75.svg#icon-fleche-basse\u0022\u003E\u003C\/use\u003E\n\u003C\/svg\u003E\n  \u003C\/div\u003E\n\u003C\/a\u003E\n\n              \n\n\n\n\n  \n\u003Ca  class=\u0022card-news grid-tiles__item\u0022 href=\u0022\/agenda-actualites\/innovation-duale-transformez-vos-technologies-en-opportunites-strategiques\u0022\u003E\n  \u003Cdiv class=\u0022card-news__img-container\u0022\u003E\n    \n\n\n  \n\n      \n            \n\u003Cpicture class=\u0022picture__picture\u0022\u003E\n    \u003Cimg  class=\u0022picture w-full h-full object-cover card-news__img\u0022 src=\u0022\/sites\/default\/files\/styles\/card\/public\/2026-04\/visuel_matinale_innovationduale_quimper_280526.jpg.webp?itok=rbo7rBa-\u0022 alt=\u0022matinale debat\u0022 loading=\u0022lazy\u0022 style=\u0022object-position: 50% 50%;\u0022 width=\u0022408\u0022 height=\u0022230\u0022 \/\u003E\n\u003C\/picture\u003E\n    \u003Cspan class=\u0022card-news__date\u0022\u003E16\/04\/26\u003C\/span\u003E\n  \u003C\/div\u003E\n\n  \u003Cdiv class=\u0022card-news__body\u0022\u003E\n    \u003Ch3 class=\u0022card-news__title\u0022\u003E\n      \n\u003Cspan\u003EInnovation duale : transformez vos technologies en opportunit\u00e9s strat\u00e9giques\u003C\/span\u003E\n\n    \u003C\/h3\u003E\n\n          \n\n\n\n\n\u003Cdiv  class=\u0022text text_default card-news__desc\u0022\u003E\n  Dans un contexte de transformation rapide des enjeux industriels et g\u00e9opolitiques, le P\u00f4le Mer Bretagne Atlantique est partenaire d\u2019une matinale d\u00e9di\u00e9e \u00e0 l\u2019innovation duale, organis\u00e9e le jeudi 28 mai 2026 de 8h \u00e0 10h30 \u00e0 l\u2019H\u00f4tel Mercure de Quimper.\r\n\r\nCette rencontre vise \u00e0 explorer les passerelles entre les technologies civiles et les applications de d\u00e9fense, et \u00e0 mettre en lumi\u00e8re les opportunit\u00e9s strat\u00e9giques offertes aux entreprises dans un secteur en pleine \u00e9volution.\n    \u003C\/div\u003E\n    \n    \u003Cdiv class=\u0022card-news__cat-container\u0022\u003E\n                        \n\n\n\n\n\u003Cspan  class=\u0022button button--outline button--withoutIcon card-news__cat\u0022\u003E\n        \u003Cspan class=\u0022button__label\u0022\u003E\n  actualit\u00e9s\n\n\n\u003C\/span\u003E\n      \u003C\/span\u003E\n                  \u003C\/div\u003E\n\n    \n\n\n\u003Csvg  class=\u0022icon icon-fleche-basse card-news__icon\u0022\u003E\n  \u003Cuse xlink:href=\u0022\/themes\/custom\/front\/dist\/assets\/72cae701f7bd6bf2ce75.svg#icon-fleche-basse\u0022\u003E\u003C\/use\u003E\n\u003C\/svg\u003E\n  \u003C\/div\u003E\n\u003C\/a\u003E\n\n          \u003C\/div\u003E\n      \u003Cdiv id=\u0022actualites-pager\u0022\u003E\n        \u003Cnav x-data=\u0022pager\u0022 class=\u0022pager\u0022 role=\u0022navigation\u0022 aria-labelledby=\u0022pagination-heading\u0022\u003E\n    \u003Ch4 id=\u0022pagination-heading\u0022 class=\u0022visually-hidden\u0022\u003EPagination\u003C\/h4\u003E\n    \u003Cdiv class=\u0022pager__items js-pager__items\u0022\u003E\n\n              \u003Cdiv class=\u0022pager__item pager__item--previous\u0022\u003E\n                  \u003C\/div\u003E\n                        \u003Cul class=\u0022pager__list\u0022\u003E\n                  \u003Cli class=\u0022pager__item is-active\u0022\u003E\n                                                  \u003Ca @click=\u0022scrollpager()\u0022 href=\u0022\/main\/ajax-block-actualite-pagine?start=490\u0026amp;page=0\u0022 title=\u0022Page courante\u0022 aria-current=\u0022page\u0022 class=\u0022use-ajax\u0022\u003E\n              \u003Cspan class=\u0022visually-hidden\u0022\u003E\n                Page courante\n              \u003C\/span\u003E1\u003C\/a\u003E\n          \u003C\/li\u003E\n                  \u003Cli class=\u0022pager__item\u0022\u003E\n                                                  \u003Ca @click=\u0022scrollpager()\u0022 href=\u0022\/main\/ajax-block-actualite-pagine?start=490\u0026amp;page=1\u0022 title=\u0022Go to page 2\u0022 class=\u0022use-ajax\u0022\u003E\n              \u003Cspan class=\u0022visually-hidden\u0022\u003E\n                Page\n              \u003C\/span\u003E2\u003C\/a\u003E\n          \u003C\/li\u003E\n                  \u003Cli class=\u0022pager__item\u0022\u003E\n                                                  \u003Ca @click=\u0022scrollpager()\u0022 href=\u0022\/main\/ajax-block-actualite-pagine?start=490\u0026amp;page=2\u0022 title=\u0022Go to page 3\u0022 class=\u0022use-ajax\u0022\u003E\n              \u003Cspan class=\u0022visually-hidden\u0022\u003E\n                Page\n              \u003C\/span\u003E3\u003C\/a\u003E\n          \u003C\/li\u003E\n                  \u003Cli class=\u0022pager__item\u0022\u003E\n                                                  \u003Ca @click=\u0022scrollpager()\u0022 href=\u0022\/main\/ajax-block-actualite-pagine?start=490\u0026amp;page=3\u0022 title=\u0022Go to page 4\u0022 class=\u0022use-ajax\u0022\u003E\n              \u003Cspan class=\u0022visually-hidden\u0022\u003E\n                Page\n              \u003C\/span\u003E4\u003C\/a\u003E\n          \u003C\/li\u003E\n                  \u003Cli class=\u0022pager__item\u0022\u003E\n                                                  \u003Ca @click=\u0022scrollpager()\u0022 href=\u0022\/main\/ajax-block-actualite-pagine?start=490\u0026amp;page=4\u0022 title=\u0022Go to page 5\u0022 class=\u0022use-ajax\u0022\u003E\n              \u003Cspan class=\u0022visually-hidden\u0022\u003E\n                Page\n              \u003C\/span\u003E5\u003C\/a\u003E\n          \u003C\/li\u003E\n              \u003C\/ul\u003E\n                    \u003Cdiv class=\u0022pager__item pager__item--ellipsis\u0022 role=\u0022presentation\u0022\u003E\u0026hellip;\u003C\/div\u003E\n                  \u003Cdiv class=\u0022pager__item pager__item--next\u0022\u003E\n                  \u003Ca @click=\u0022scrollpager()\u0022 href=\u0022\/main\/ajax-block-actualite-pagine?start=490\u0026amp;page=1\u0022 title=\u0022Aller \u00e0 la page suivante\u0022 rel=\u0022next\u0022 class=\u0022use-ajax\u0022\u003E\n            \n\n\n\n\n\u003Cspan  class=\u0022button button--secondary button--iconRight pager__button button_withHover\u0022\u003E\n        \u003Cspan class=\u0022button__label\u0022\u003E-\u003C\/span\u003E\n                    \u003Cspan class=\u0022visually-hidden\u0022\u003EPage suivante\u003C\/span\u003E\n                \u003Cspan class=\u0022button__label button__label_visible\u0022 aria-hidden=\u0022true\u0022\u003ESuivant\u003C\/span\u003E\n                    \u003Cspan class=\u0022button__icon\u0022\u003E\n      \n\n\n\u003Csvg  class=\u0022icon icon-arrow\u0022\u003E\n  \u003Cuse xlink:href=\u0022\/themes\/custom\/front\/dist\/assets\/72cae701f7bd6bf2ce75.svg#icon-arrow\u0022\u003E\u003C\/use\u003E\n\u003C\/svg\u003E\n    \u003C\/span\u003E\n  \u003C\/span\u003E\n          \u003C\/a\u003E\n              \u003C\/div\u003E\n    \u003C\/div\u003E\n  \u003C\/nav\u003E\n\n    \u003C\/div\u003E\n  \u003C\/div\u003E\n\n","settings":null}]